{"id":1027,"date":"2019-08-08T07:43:11","date_gmt":"2019-08-08T07:43:11","guid":{"rendered":"https:\/\/lindy.com\/de\/?p=1027"},"modified":"2025-03-07T08:42:17","modified_gmt":"2025-03-07T08:42:17","slug":"das-neue-ars-electronica-center-in-linz-oesterreich-lindy-liefert-kommunikations-und-signalverteilungs-infrastruktur","status":"publish","type":"post","link":"https:\/\/lindy.com\/de\/2019\/08\/08\/das-neue-ars-electronica-center-in-linz-oesterreich-lindy-liefert-kommunikations-und-signalverteilungs-infrastruktur\/","title":{"rendered":"Das neue Ars Electronica Center in Linz, \u00d6sterreich &#8211;  Lindy liefert Kommunikations- und Signalverteilungs-Infrastruktur"},"content":{"rendered":"\n<p><strong>Nach einer gro\u00dfangelegten thematischen Neugestaltung \u2013 inklusive umfassenden Umbauarbeiten \u2013 \u00f6ffnete sich das neugestaltete Ars Electronica Center  in Linz am 27. Mai 2019 wieder seinem Publikum. Lindy stellte in Zusammenarbeit mit dem Ars Electronica Center eine umfassende AV-Konnektivit\u00e4ts-Infrastruktur bereit. <\/strong><\/p>\n\n\n<p style=\"text-align: center;\"><iframe loading=\"lazy\" src=\"https:\/\/www.youtube.com\/embed\/dWMNIAEDaEA\" width=\"560\" height=\"315\" frameborder=\"0\" allowfullscreen=\"allowfullscreen\"><\/iframe><\/p>\n\n\n<p>Diese kabelgebundenen 4K Kupfer- und Glasfasertechnologien stellen das Herzst\u00fcck der audiovisuellen Kommunikationstechnik der insgesamt knapp 150 Displays im Ausstellungsbereich des Ars Electronics Center dar. F\u00fcr die Signal-Distribution und -Verteilung von hochaufl\u00f6senden HDMI\u00ae 2.0-Signalen \u00fcber gro\u00dfe Distanzen von bis zu 200m kommen die Glasfaser-Extender-Technologien von Lindy mit einer Bandbreite von bis zu 18Gbit\/s zum Einsatz.<\/p>\n\n\n\n<p>Die Themen in den neugestalteten Ausstellungsr\u00e4umen dieser weltweit einmaligen Plattform f\u00fcr Kunst, Technologie und Gesellschaft besch\u00e4ftigen sich mit den weitreichenden globalen Ver\u00e4nderungen unserer Zeit und dienen als Wegweiser und Begleiter durch die vom Menschen geschaffenen Systeme des 21. Jahrhunderts. Globale Ver\u00e4nderungen, Vernetzungen sowie Digitalisierung und Mobilit\u00e4t sind auch jene Thematiken, mit denen sich Lindy intensiv besch\u00e4ftigt und innovative L\u00f6sungen f\u00fcr die Herausforderungen von morgen sucht: Sei es unser Wohnzimmer, unser Arbeitsplatz oder eine \u00f6ffentliche Einrichtung \u2013 jedes dieser Einsatzfelder stellt andere Anforderungen an die AV-Infrastruktur, f\u00fcr die Lindy die jeweils passende Konnektivit\u00e4ts-L\u00f6sung parat hat und kontinuierlich weiter entwickelt.  <\/p>\n\n\n<div class=\"wp-block-image\">\n<figure class=\"aligncenter\"><img loading=\"lazy\" decoding=\"async\" width=\"1000\" height=\"666\" src=\"https:\/\/lindy.com\/de\/wp-content\/uploads\/sites\/3\/2019\/07\/ARS-Electronica.jpg\" alt=\"\" class=\"wp-image-1021\" srcset=\"https:\/\/lindy.com\/de\/wp-content\/uploads\/sites\/3\/2019\/07\/ARS-Electronica.jpg 1000w, https:\/\/lindy.com\/de\/wp-content\/uploads\/sites\/3\/2019\/07\/ARS-Electronica-300x200.jpg 300w, https:\/\/lindy.com\/de\/wp-content\/uploads\/sites\/3\/2019\/07\/ARS-Electronica-768x511.jpg 768w, https:\/\/lindy.com\/de\/wp-content\/uploads\/sites\/3\/2019\/07\/ARS-Electronica-470x313.jpg 470w\" sizes=\"auto, (max-width: 1000px) 100vw, 1000px\" \/><figcaption class=\"wp-element-caption\">Die neugestalteten Ausstellungsr\u00e4ume des Ars Electronica Centers <\/figcaption><\/figure><\/div>\n\n\n<p>\u201eDie Organisatoren und Produzenten des Ars Electronica Center sind permanent auf der Suche nach neuen M\u00f6glichkeiten, die Ausstellungen noch innovativer zu gestalten. Die Er\u00f6ffnung im Mai war da sicherlich keine Ausnahme\u201c, sagt Christian Westenh\u00f6fer, Head of Global Marketing &amp; Brand Management bei der Lindy Group. \u201eDank der zuverl\u00e4ssigen Infrastruktur auf Basis der kombinierten Konnektivit\u00e4ts-L\u00f6sungen von Lindy war die Er\u00f6ffnung ein bemerkenswertes und erinnerungsw\u00fcrdiges Ereignis. Wir sind sehr stolz, einen wesentlichen Teil zu dieser einzigartigen Ausstellungsfl\u00e4che beigetragen zu haben und freuen uns auf zuk\u00fcnftige Herausforderungen, denn so wie wir entwickelt sich das Ars Electronica Center Jahr f\u00fcr Jahr weiter und wir freuen uns auf weitere, spannende Projekte.\u201c <\/p>\n\n\n\n<p><strong>Kurzprofil Ars Electronica Center<\/strong> <br>Seit 1979 analysiert und kommentiert Ars Electronica die digitale Revolution. Im Fokus stehen stets aktuelle Entwicklungen und m\u00f6gliche Zukunftsszenarien im Dreieck von Kunst, Technologie und Gesellschaft. Innovativ, radikal und exzentrisch im besten Sinn sind die Visionen, Ideen und Projekte, die Ars Electronica dabei gemeinsam mit K\u00fcnstlerInnen, WissenschaftlerInnen, TechnologInnen, Engineers, Entrepreneurs und Social Activists aus aller Welt vorantreibt. Seit 1979 hat Ars Electronica das Spektrum ihrer Aktivit\u00e4ten kontinuierlich ausgebaut und zeichnet sich heute durch einen weltweit einmaligen, umfassenden Ansatz in der Auseinandersetzung mit techno-kulturellen Ph\u00e4nomenen aus. Ars Electronica ist eine Kultur-, Bildungs- und Forschungsplattform aus Linz, \u00d6sterreich, und genie\u00dft internationale Reputation. <br><\/p>\n\n\n\n<p>Erfahren Sie hier mehr zur <strong><a href=\"https:\/\/ars.electronica.art\/center\/de\/opening-compass\/\" target=\"_blank\" rel=\"noreferrer noopener\" aria-label=\"Er\u00f6ffnung des neugestalteten Ars Electronica Centers (\u00f6ffnet in neuem Tab)\">Er\u00f6ffnung des neugestalteten Ars Electronica Centers<\/a><\/strong>.<\/p>\n","protected":false},"excerpt":{"rendered":"<p>Nach einer gro\u00dfangelegten thematischen Neugestaltung \u2013 inklusive umfassenden Umbauarbeiten \u2013 \u00f6ffnete sich das neugestaltete Ars Electronica Center in Linz am 27. Mai 2019 wieder seinem Publikum. Lindy stellte in Zusammenarbeit mit dem Ars Electronica Center eine umfassende AV-Konnektivit\u00e4ts-Infrastruktur bereit. Diese kabelgebundenen 4K Kupfer- und Glasfasertechnologien stellen das Herzst\u00fcck der audiovisuellen Kommunikationstechnik der insgesamt knapp 150 [&hellip;]<\/p>\n","protected":false},"author":11,"featured_media":1020,"comment_status":"open","ping_status":"open","sticky":false,"template":"","format":"standard","meta":{"_acf_changed":false,"footnotes":""},"categories":[19],"tags":[],"class_list":["post-1027","post","type-post","status-publish","format-standard","has-post-thumbnail","hentry","category-blog-post"],"acf":[],"yoast_head":"<!-- This site is optimized with the Yoast SEO plugin v26.6 - https:\/\/yoast.com\/wordpress\/plugins\/seo\/ -->\n<title>Ars Electronica Centre ~ Lindy Electronics<\/title>\n<meta name=\"robots\" content=\"index, follow, max-snippet:-1, max-image-preview:large, max-video-preview:-1\" \/>\n<link rel=\"canonical\" href=\"https:\/\/lindy.com\/de\/2019\/08\/08\/das-neue-ars-electronica-center-in-linz-oesterreich-lindy-liefert-kommunikations-und-signalverteilungs-infrastruktur\/\" \/>\n<meta property=\"og:locale\" content=\"de_DE\" \/>\n<meta property=\"og:type\" content=\"article\" \/>\n<meta property=\"og:title\" content=\"Ars Electronica Centre ~ Lindy Electronics\" \/>\n<meta property=\"og:description\" content=\"Nach einer gro\u00dfangelegten thematischen Neugestaltung \u2013 inklusive umfassenden Umbauarbeiten \u2013 \u00f6ffnete sich das neugestaltete Ars Electronica Center in Linz am 27. Mai 2019 wieder seinem Publikum. Lindy stellte in Zusammenarbeit mit dem Ars Electronica Center eine umfassende AV-Konnektivit\u00e4ts-Infrastruktur bereit. Diese kabelgebundenen 4K Kupfer- und Glasfasertechnologien stellen das Herzst\u00fcck der audiovisuellen Kommunikationstechnik der insgesamt knapp 150 [&hellip;]\" \/>\n<meta property=\"og:url\" content=\"https:\/\/lindy.com\/de\/2019\/08\/08\/das-neue-ars-electronica-center-in-linz-oesterreich-lindy-liefert-kommunikations-und-signalverteilungs-infrastruktur\/\" \/>\n<meta property=\"og:site_name\" content=\"Lindy - German\" \/>\n<meta property=\"article:published_time\" content=\"2019-08-08T07:43:11+00:00\" \/>\n<meta property=\"article:modified_time\" content=\"2025-03-07T08:42:17+00:00\" \/>\n<meta property=\"og:image\" content=\"https:\/\/lindy.com\/de\/wp-content\/uploads\/sites\/3\/2019\/07\/Featured-Image_Press-Release_ARS-Electronica.jpg\" \/>\n\t<meta property=\"og:image:width\" content=\"1000\" \/>\n\t<meta property=\"og:image:height\" content=\"666\" \/>\n\t<meta property=\"og:image:type\" content=\"image\/jpeg\" \/>\n<meta name=\"author\" content=\"inareiss\" \/>\n<meta name=\"twitter:card\" content=\"summary_large_image\" \/>\n<meta name=\"twitter:label1\" content=\"Verfasst von\" \/>\n\t<meta name=\"twitter:data1\" content=\"inareiss\" \/>\n\t<meta name=\"twitter:label2\" content=\"Gesch\u00e4tzte Lesezeit\" \/>\n\t<meta name=\"twitter:data2\" content=\"3 Minuten\" \/>\n<script type=\"application\/ld+json\" class=\"yoast-schema-graph\">{\"@context\":\"https:\/\/schema.org\",\"@graph\":[{\"@type\":\"WebPage\",\"@id\":\"https:\/\/lindy.com\/de\/2019\/08\/08\/das-neue-ars-electronica-center-in-linz-oesterreich-lindy-liefert-kommunikations-und-signalverteilungs-infrastruktur\/\",\"url\":\"https:\/\/lindy.com\/de\/2019\/08\/08\/das-neue-ars-electronica-center-in-linz-oesterreich-lindy-liefert-kommunikations-und-signalverteilungs-infrastruktur\/\",\"name\":\"Ars Electronica Centre ~ Lindy Electronics\",\"isPartOf\":{\"@id\":\"https:\/\/lindy.com\/de\/#website\"},\"primaryImageOfPage\":{\"@id\":\"https:\/\/lindy.com\/de\/2019\/08\/08\/das-neue-ars-electronica-center-in-linz-oesterreich-lindy-liefert-kommunikations-und-signalverteilungs-infrastruktur\/#primaryimage\"},\"image\":{\"@id\":\"https:\/\/lindy.com\/de\/2019\/08\/08\/das-neue-ars-electronica-center-in-linz-oesterreich-lindy-liefert-kommunikations-und-signalverteilungs-infrastruktur\/#primaryimage\"},\"thumbnailUrl\":\"https:\/\/lindy.com\/de\/wp-content\/uploads\/sites\/3\/2019\/07\/Featured-Image_Press-Release_ARS-Electronica.jpg\",\"datePublished\":\"2019-08-08T07:43:11+00:00\",\"dateModified\":\"2025-03-07T08:42:17+00:00\",\"author\":{\"@id\":\"https:\/\/lindy.com\/de\/#\/schema\/person\/64bfad3d4d1425bf49e00e0b8d1829a5\"},\"breadcrumb\":{\"@id\":\"https:\/\/lindy.com\/de\/2019\/08\/08\/das-neue-ars-electronica-center-in-linz-oesterreich-lindy-liefert-kommunikations-und-signalverteilungs-infrastruktur\/#breadcrumb\"},\"inLanguage\":\"de-DE\",\"potentialAction\":[{\"@type\":\"ReadAction\",\"target\":[\"https:\/\/lindy.com\/de\/2019\/08\/08\/das-neue-ars-electronica-center-in-linz-oesterreich-lindy-liefert-kommunikations-und-signalverteilungs-infrastruktur\/\"]}]},{\"@type\":\"ImageObject\",\"inLanguage\":\"de-DE\",\"@id\":\"https:\/\/lindy.com\/de\/2019\/08\/08\/das-neue-ars-electronica-center-in-linz-oesterreich-lindy-liefert-kommunikations-und-signalverteilungs-infrastruktur\/#primaryimage\",\"url\":\"https:\/\/lindy.com\/de\/wp-content\/uploads\/sites\/3\/2019\/07\/Featured-Image_Press-Release_ARS-Electronica.jpg\",\"contentUrl\":\"https:\/\/lindy.com\/de\/wp-content\/uploads\/sites\/3\/2019\/07\/Featured-Image_Press-Release_ARS-Electronica.jpg\",\"width\":1000,\"height\":666},{\"@type\":\"BreadcrumbList\",\"@id\":\"https:\/\/lindy.com\/de\/2019\/08\/08\/das-neue-ars-electronica-center-in-linz-oesterreich-lindy-liefert-kommunikations-und-signalverteilungs-infrastruktur\/#breadcrumb\",\"itemListElement\":[{\"@type\":\"ListItem\",\"position\":1,\"name\":\"Home\",\"item\":\"https:\/\/lindy.com\/de\/\"},{\"@type\":\"ListItem\",\"position\":2,\"name\":\"Das neue Ars Electronica Center in Linz, \u00d6sterreich &#8211; Lindy liefert Kommunikations- und Signalverteilungs-Infrastruktur\"}]},{\"@type\":\"WebSite\",\"@id\":\"https:\/\/lindy.com\/de\/#website\",\"url\":\"https:\/\/lindy.com\/de\/\",\"name\":\"Lindy - German\",\"description\":\"Connection Perfection\",\"potentialAction\":[{\"@type\":\"SearchAction\",\"target\":{\"@type\":\"EntryPoint\",\"urlTemplate\":\"https:\/\/lindy.com\/de\/?s={search_term_string}\"},\"query-input\":{\"@type\":\"PropertyValueSpecification\",\"valueRequired\":true,\"valueName\":\"search_term_string\"}}],\"inLanguage\":\"de-DE\"},{\"@type\":\"Person\",\"@id\":\"https:\/\/lindy.com\/de\/#\/schema\/person\/64bfad3d4d1425bf49e00e0b8d1829a5\",\"name\":\"inareiss\",\"url\":\"https:\/\/lindy.com\/de\/author\/inareiss\/\"}]}<\/script>\n<!-- \/ Yoast SEO plugin. -->","yoast_head_json":{"title":"Ars Electronica Centre ~ Lindy Electronics","robots":{"index":"index","follow":"follow","max-snippet":"max-snippet:-1","max-image-preview":"max-image-preview:large","max-video-preview":"max-video-preview:-1"},"canonical":"https:\/\/lindy.com\/de\/2019\/08\/08\/das-neue-ars-electronica-center-in-linz-oesterreich-lindy-liefert-kommunikations-und-signalverteilungs-infrastruktur\/","og_locale":"de_DE","og_type":"article","og_title":"Ars Electronica Centre ~ Lindy Electronics","og_description":"Nach einer gro\u00dfangelegten thematischen Neugestaltung \u2013 inklusive umfassenden Umbauarbeiten \u2013 \u00f6ffnete sich das neugestaltete Ars Electronica Center in Linz am 27. Mai 2019 wieder seinem Publikum. Lindy stellte in Zusammenarbeit mit dem Ars Electronica Center eine umfassende AV-Konnektivit\u00e4ts-Infrastruktur bereit. Diese kabelgebundenen 4K Kupfer- und Glasfasertechnologien stellen das Herzst\u00fcck der audiovisuellen Kommunikationstechnik der insgesamt knapp 150 [&hellip;]","og_url":"https:\/\/lindy.com\/de\/2019\/08\/08\/das-neue-ars-electronica-center-in-linz-oesterreich-lindy-liefert-kommunikations-und-signalverteilungs-infrastruktur\/","og_site_name":"Lindy - German","article_published_time":"2019-08-08T07:43:11+00:00","article_modified_time":"2025-03-07T08:42:17+00:00","og_image":[{"width":1000,"height":666,"url":"https:\/\/lindy.com\/de\/wp-content\/uploads\/sites\/3\/2019\/07\/Featured-Image_Press-Release_ARS-Electronica.jpg","type":"image\/jpeg"}],"author":"inareiss","twitter_card":"summary_large_image","twitter_misc":{"Verfasst von":"inareiss","Gesch\u00e4tzte Lesezeit":"3 Minuten"},"schema":{"@context":"https:\/\/schema.org","@graph":[{"@type":"WebPage","@id":"https:\/\/lindy.com\/de\/2019\/08\/08\/das-neue-ars-electronica-center-in-linz-oesterreich-lindy-liefert-kommunikations-und-signalverteilungs-infrastruktur\/","url":"https:\/\/lindy.com\/de\/2019\/08\/08\/das-neue-ars-electronica-center-in-linz-oesterreich-lindy-liefert-kommunikations-und-signalverteilungs-infrastruktur\/","name":"Ars Electronica Centre ~ Lindy Electronics","isPartOf":{"@id":"https:\/\/lindy.com\/de\/#website"},"primaryImageOfPage":{"@id":"https:\/\/lindy.com\/de\/2019\/08\/08\/das-neue-ars-electronica-center-in-linz-oesterreich-lindy-liefert-kommunikations-und-signalverteilungs-infrastruktur\/#primaryimage"},"image":{"@id":"https:\/\/lindy.com\/de\/2019\/08\/08\/das-neue-ars-electronica-center-in-linz-oesterreich-lindy-liefert-kommunikations-und-signalverteilungs-infrastruktur\/#primaryimage"},"thumbnailUrl":"https:\/\/lindy.com\/de\/wp-content\/uploads\/sites\/3\/2019\/07\/Featured-Image_Press-Release_ARS-Electronica.jpg","datePublished":"2019-08-08T07:43:11+00:00","dateModified":"2025-03-07T08:42:17+00:00","author":{"@id":"https:\/\/lindy.com\/de\/#\/schema\/person\/64bfad3d4d1425bf49e00e0b8d1829a5"},"breadcrumb":{"@id":"https:\/\/lindy.com\/de\/2019\/08\/08\/das-neue-ars-electronica-center-in-linz-oesterreich-lindy-liefert-kommunikations-und-signalverteilungs-infrastruktur\/#breadcrumb"},"inLanguage":"de-DE","potentialAction":[{"@type":"ReadAction","target":["https:\/\/lindy.com\/de\/2019\/08\/08\/das-neue-ars-electronica-center-in-linz-oesterreich-lindy-liefert-kommunikations-und-signalverteilungs-infrastruktur\/"]}]},{"@type":"ImageObject","inLanguage":"de-DE","@id":"https:\/\/lindy.com\/de\/2019\/08\/08\/das-neue-ars-electronica-center-in-linz-oesterreich-lindy-liefert-kommunikations-und-signalverteilungs-infrastruktur\/#primaryimage","url":"https:\/\/lindy.com\/de\/wp-content\/uploads\/sites\/3\/2019\/07\/Featured-Image_Press-Release_ARS-Electronica.jpg","contentUrl":"https:\/\/lindy.com\/de\/wp-content\/uploads\/sites\/3\/2019\/07\/Featured-Image_Press-Release_ARS-Electronica.jpg","width":1000,"height":666},{"@type":"BreadcrumbList","@id":"https:\/\/lindy.com\/de\/2019\/08\/08\/das-neue-ars-electronica-center-in-linz-oesterreich-lindy-liefert-kommunikations-und-signalverteilungs-infrastruktur\/#breadcrumb","itemListElement":[{"@type":"ListItem","position":1,"name":"Home","item":"https:\/\/lindy.com\/de\/"},{"@type":"ListItem","position":2,"name":"Das neue Ars Electronica Center in Linz, \u00d6sterreich &#8211; Lindy liefert Kommunikations- und Signalverteilungs-Infrastruktur"}]},{"@type":"WebSite","@id":"https:\/\/lindy.com\/de\/#website","url":"https:\/\/lindy.com\/de\/","name":"Lindy - German","description":"Connection Perfection","potentialAction":[{"@type":"SearchAction","target":{"@type":"EntryPoint","urlTemplate":"https:\/\/lindy.com\/de\/?s={search_term_string}"},"query-input":{"@type":"PropertyValueSpecification","valueRequired":true,"valueName":"search_term_string"}}],"inLanguage":"de-DE"},{"@type":"Person","@id":"https:\/\/lindy.com\/de\/#\/schema\/person\/64bfad3d4d1425bf49e00e0b8d1829a5","name":"inareiss","url":"https:\/\/lindy.com\/de\/author\/inareiss\/"}]}},"_links":{"self":[{"href":"https:\/\/lindy.com\/de\/wp-json\/wp\/v2\/posts\/1027","targetHints":{"allow":["GET"]}}],"collection":[{"href":"https:\/\/lindy.com\/de\/wp-json\/wp\/v2\/posts"}],"about":[{"href":"https:\/\/lindy.com\/de\/wp-json\/wp\/v2\/types\/post"}],"author":[{"embeddable":true,"href":"https:\/\/lindy.com\/de\/wp-json\/wp\/v2\/users\/11"}],"replies":[{"embeddable":true,"href":"https:\/\/lindy.com\/de\/wp-json\/wp\/v2\/comments?post=1027"}],"version-history":[{"count":1,"href":"https:\/\/lindy.com\/de\/wp-json\/wp\/v2\/posts\/1027\/revisions"}],"predecessor-version":[{"id":13030,"href":"https:\/\/lindy.com\/de\/wp-json\/wp\/v2\/posts\/1027\/revisions\/13030"}],"wp:featuredmedia":[{"embeddable":true,"href":"https:\/\/lindy.com\/de\/wp-json\/wp\/v2\/media\/1020"}],"wp:attachment":[{"href":"https:\/\/lindy.com\/de\/wp-json\/wp\/v2\/media?parent=1027"}],"wp:term":[{"taxonomy":"category","embeddable":true,"href":"https:\/\/lindy.com\/de\/wp-json\/wp\/v2\/categories?post=1027"},{"taxonomy":"post_tag","embeddable":true,"href":"https:\/\/lindy.com\/de\/wp-json\/wp\/v2\/tags?post=1027"}],"curies":[{"name":"wp","href":"https:\/\/api.w.org\/{rel}","templated":true}]}}