{"id":991,"date":"2019-06-13T13:52:24","date_gmt":"2019-06-13T13:52:24","guid":{"rendered":"https:\/\/lindy.com\/de\/?p=991"},"modified":"2019-06-13T15:08:11","modified_gmt":"2019-06-13T15:08:11","slug":"av-und-it-konvergenz","status":"publish","type":"post","link":"https:\/\/lindy.com\/de\/2019\/06\/13\/av-und-it-konvergenz\/","title":{"rendered":"AV- und IT-Konvergenz \u2013 eine komplexe Neuanordnung von IT und AV?"},"content":{"rendered":"\n<p><strong>AV-und IT-Konvergenz: Das bedeutet nicht, AV und IT einfach zusammenzuf\u00fchren. Vielmehr geht es darum, Netzwerke und Komponenten so anzuordnen, dass sich f\u00fcr Unternehmen neue Perspektiven er\u00f6ffnen. Dies setzt freilich voraus, dass beide, IT- und AV-Branche, die Anforderungen des jeweils anderen besser verstehen. Nur dann k\u00f6nnen Konnektivit\u00e4t und alle daf\u00fcr n\u00f6tigen Komponenten geplant und nachhaltig betrieben werden. <\/strong><\/p>\n\n\n\n<p>In den letzten Jahren haben wir eine verst\u00e4rkte Konvergenz von AV- und IT-Technologien beobachten k\u00f6nnen. Dieser Trend setzt sich sowohl in der Schweiz wie auch in anderen europ\u00e4ischen L\u00e4ndern fort. Wir erleben immer h\u00e4ufiger, dass bei Kundengespr\u00e4chen, unabh\u00e4ngig davon, ob es sich um mittelst\u00e4ndische oder gro\u00dfe Unternehmen handelt, AV- und IT-Experten zugegen sind. Gerade wenn es darum geht, Infrastrukturen f\u00fcr Besprechungsr\u00e4ume oder digitale Informationsdisplays zu etablieren. Hier ist der Anspruch klar: Er soll f\u00fcr Anwender leicht zu bedienen und f\u00fcr die hausinterne oder externe IT-Fachkraft einfach und zentral zu verwalten sein.<\/p>\n\n\n\n<p>Damit wird klar: Das klassische Rollenverst\u00e4ndnis von AV und IT wandelt sich. Aufgabenbereiche, Stellenbeschreibungen, Verantwortlichkeiten und der Einzug neuer Technologien ver\u00e4ndern sich. Davon profitiert die AV-Branche, die weiterhin stark w\u00e4chst. Hier er\u00f6ffnen das Zusammenwachsen mit anderen Branchen, die immer weiter fortschreitende Digitalisierung sowie Unified Communication v\u00f6llig neue Gesch\u00e4ftsm\u00f6glichkeiten. Wir beobachten also nicht nur eine Konvergenz von IT und AV, sondern es entstehen ganz neue Anwendungen, etwa f\u00fcr die M\u00f6belbranche mit intelligenten M\u00f6beln, die Industrie, Banken und den klassischen Handel. Unsere Aufgabe als Hersteller ist es, die W\u00fcnsche der Kunden aufzunehmen und die richtigen Trends zu erkennen.<\/p>\n\n\n\n<p>Damit dies gelingt, m\u00fcssen AV- und IT-Verantwortliche ihre Sichtweise und ihr Vorgehen enger miteinander abstimmen. Fakt ist: F\u00fcr Nutzer, Marketingverantwortliche und AV-Verantwortliche hat die audiovisuelle Qualit\u00e4t der Inhalte oberste Priorit\u00e4t. IT-Verantwortliche dagegen m\u00fcssen f\u00fcr den sicheren und effektiven Betrieb der Komponenten im Unternehmensnetzwerk sorgen. Und genau hier k\u00f6nnen sich AV-Spezialisten profitabel einbringen, etwa mit neuen AV-over-IP-Anwendungen. Allerdings sind eben dann auch Aspekte wie der Umgang mit offenen Standards, Netzwerk-Centricity, Skalierbarkeit sowie die zentralisierte \u00dcberwachung und Wartung der Systeme ins Kalk\u00fcl zu ziehen. F\u00fcr uns besteht kein Zweifel, dass mit der weltweit steigenden Nachfrage nach neuen audiovisuellen Kommunikationsformen AV-Systeme k\u00fcnftig immer wichtiger werden. <\/p>\n\n\n\n<p>Die beobachtete Konvergenz von AV und IT ergibt sich aufgrund der Entwicklung beinahe zwangsl\u00e4ufig. Bereits in den 1990er-Jahren geschah \u00c4hnliches, als die Telekommunikations- mit der Datennetzindustrie verschmolz. Dieser Zusammenschluss brachte wertvolle Produkte hervor wie Voice Over IP, Mobile Internet und das Smartphone. Allesamt l\u00e4uteten eine neue \u00c4ra erstaunlicher Innovationen ein. Erfolg hatte, wer zur richtigen Zeit auf dem richtigen Markt war und sich mit diesen Themen auseinandergesetzt hat.<\/p>\n\n\n\n<p>Dieses Beispiel zeigt, wie die Synthese von AV- und IT-Welt gelingen kann. Es braucht Experten, die bereit sind, voneinander zu lernen, die an einem Strang ziehen und die gleichen Ziele verfolgen: dass Systeme einfach bedienbar sind, Nutzer schneller und effektiver kommunizieren k\u00f6nnen, Aspekte wie Schnittstellen, Netzwerksicherheit und Bandbreite ber\u00fccksichtigt werden und der Betrieb des Unternehmensnetzwerkes sicher und effektiv ist. <\/p>\n\n\n\n<div class=\"wp-block-image\"><figure class=\"aligncenter\"><img loading=\"lazy\" decoding=\"async\" width=\"380\" height=\"570\" src=\"https:\/\/lindy.com\/de\/wp-content\/uploads\/sites\/3\/2019\/01\/Reto-Scaramuzza.jpg\" alt=\"\" class=\"wp-image-699\" srcset=\"https:\/\/lindy.com\/de\/wp-content\/uploads\/sites\/3\/2019\/01\/Reto-Scaramuzza.jpg 380w, https:\/\/lindy.com\/de\/wp-content\/uploads\/sites\/3\/2019\/01\/Reto-Scaramuzza-200x300.jpg 200w, https:\/\/lindy.com\/de\/wp-content\/uploads\/sites\/3\/2019\/01\/Reto-Scaramuzza-313x470.jpg 313w\" sizes=\"auto, (max-width: 380px) 100vw, 380px\" \/><figcaption>Reto Scaramuzza, Key Account Manager Schweiz<\/figcaption><\/figure><\/div>\n\n\n\n<p><strong>\u00dcber den Autor<\/strong><br>Impulsgeber, Generalist, Zuh\u00f6rer, Kundenversteher, Diplomat, Gebirgsj\u00e4ger, Familienmensch, Zusammenarbeiter, Schnellreagierer, Br\u00fcckenbauer, Ideenfinder, Feierabendl\u00e4ufer \u2026 Reto Scaramuzza verantwortet als Key Account Manager Schweiz die Koordination und Betreuung des Lindy-Distributors Also Schweiz. Er betreut au\u00dferdem die IT\/ AV Integratoren, Gesch\u00e4fts- und Endkundenpartner und treibt die Erschlie\u00dfung neuer Absatzm\u00e4rkte und -Kan\u00e4le in der Schweiz ma\u00dfgeblich voran. Davor war er beim Distributor Secomp als Key Account Manager t\u00e4tig und f\u00fcr die Distributionspartner, den E-Tail und E-Commerce sowie f\u00fcr das Business Development zust\u00e4ndig. <\/p>\n\n\n\n<p>Zuh\u00f6ren, beraten, L\u00f6sungen entwickeln, gestalten und an Details feilen: die Expertise von echten Routiniers ist unser Geheimnis. <\/p>\n\n\n\n<p><a href=\"mailto:Reto.Scaramuzza@lindy.ch \">Kontaktieren Sie mich!<\/a><\/p>\n","protected":false},"excerpt":{"rendered":"<p>AV-und IT-Konvergenz: Das bedeutet nicht, AV und IT einfach zusammenzuf\u00fchren. Vielmehr geht es darum, Netzwerke und Komponenten so anzuordnen, dass sich f\u00fcr Unternehmen neue Perspektiven er\u00f6ffnen. Dies setzt freilich voraus, dass beide, IT- und AV-Branche, die Anforderungen des jeweils anderen besser verstehen. Nur dann k\u00f6nnen Konnektivit\u00e4t und alle daf\u00fcr n\u00f6tigen Komponenten geplant und nachhaltig betrieben [&hellip;]<\/p>\n","protected":false},"author":11,"featured_media":0,"comment_status":"open","ping_status":"open","sticky":false,"template":"","format":"standard","meta":{"_acf_changed":false,"footnotes":""},"categories":[19],"tags":[],"class_list":["post-991","post","type-post","status-publish","format-standard","hentry","category-blog-post"],"acf":[],"yoast_head":"<!-- This site is optimized with the Yoast SEO plugin v26.6 - https:\/\/yoast.com\/wordpress\/plugins\/seo\/ -->\n<title>AV- und IT-Konvergenz \u2013 eine komplexe Neuanordnung von IT und AV? - Lindy - German<\/title>\n<meta name=\"robots\" content=\"index, follow, max-snippet:-1, max-image-preview:large, max-video-preview:-1\" \/>\n<link rel=\"canonical\" href=\"https:\/\/lindy.com\/de\/2019\/06\/13\/av-und-it-konvergenz\/\" \/>\n<meta property=\"og:locale\" content=\"de_DE\" \/>\n<meta property=\"og:type\" content=\"article\" \/>\n<meta property=\"og:title\" content=\"AV- und IT-Konvergenz \u2013 eine komplexe Neuanordnung von IT und AV? - Lindy - German\" \/>\n<meta property=\"og:description\" content=\"AV-und IT-Konvergenz: Das bedeutet nicht, AV und IT einfach zusammenzuf\u00fchren. Vielmehr geht es darum, Netzwerke und Komponenten so anzuordnen, dass sich f\u00fcr Unternehmen neue Perspektiven er\u00f6ffnen. Dies setzt freilich voraus, dass beide, IT- und AV-Branche, die Anforderungen des jeweils anderen besser verstehen. Nur dann k\u00f6nnen Konnektivit\u00e4t und alle daf\u00fcr n\u00f6tigen Komponenten geplant und nachhaltig betrieben [&hellip;]\" \/>\n<meta property=\"og:url\" content=\"https:\/\/lindy.com\/de\/2019\/06\/13\/av-und-it-konvergenz\/\" \/>\n<meta property=\"og:site_name\" content=\"Lindy - German\" \/>\n<meta property=\"article:published_time\" content=\"2019-06-13T13:52:24+00:00\" \/>\n<meta property=\"article:modified_time\" content=\"2019-06-13T15:08:11+00:00\" \/>\n<meta property=\"og:image\" content=\"https:\/\/lindy.com\/de\/wp-content\/uploads\/sites\/3\/2019\/01\/Reto-Scaramuzza.jpg\" \/>\n<meta name=\"author\" content=\"inareiss\" \/>\n<meta name=\"twitter:card\" content=\"summary_large_image\" \/>\n<meta name=\"twitter:label1\" content=\"Verfasst von\" \/>\n\t<meta name=\"twitter:data1\" content=\"inareiss\" \/>\n\t<meta name=\"twitter:label2\" content=\"Gesch\u00e4tzte Lesezeit\" \/>\n\t<meta name=\"twitter:data2\" content=\"3 Minuten\" \/>\n<script type=\"application\/ld+json\" class=\"yoast-schema-graph\">{\"@context\":\"https:\/\/schema.org\",\"@graph\":[{\"@type\":\"WebPage\",\"@id\":\"https:\/\/lindy.com\/de\/2019\/06\/13\/av-und-it-konvergenz\/\",\"url\":\"https:\/\/lindy.com\/de\/2019\/06\/13\/av-und-it-konvergenz\/\",\"name\":\"AV- und IT-Konvergenz \u2013 eine komplexe Neuanordnung von IT und AV? - Lindy - German\",\"isPartOf\":{\"@id\":\"https:\/\/lindy.com\/de\/#website\"},\"primaryImageOfPage\":{\"@id\":\"https:\/\/lindy.com\/de\/2019\/06\/13\/av-und-it-konvergenz\/#primaryimage\"},\"image\":{\"@id\":\"https:\/\/lindy.com\/de\/2019\/06\/13\/av-und-it-konvergenz\/#primaryimage\"},\"thumbnailUrl\":\"https:\/\/lindy.com\/de\/wp-content\/uploads\/sites\/3\/2019\/01\/Reto-Scaramuzza.jpg\",\"datePublished\":\"2019-06-13T13:52:24+00:00\",\"dateModified\":\"2019-06-13T15:08:11+00:00\",\"author\":{\"@id\":\"https:\/\/lindy.com\/de\/#\/schema\/person\/64bfad3d4d1425bf49e00e0b8d1829a5\"},\"breadcrumb\":{\"@id\":\"https:\/\/lindy.com\/de\/2019\/06\/13\/av-und-it-konvergenz\/#breadcrumb\"},\"inLanguage\":\"de-DE\",\"potentialAction\":[{\"@type\":\"ReadAction\",\"target\":[\"https:\/\/lindy.com\/de\/2019\/06\/13\/av-und-it-konvergenz\/\"]}]},{\"@type\":\"ImageObject\",\"inLanguage\":\"de-DE\",\"@id\":\"https:\/\/lindy.com\/de\/2019\/06\/13\/av-und-it-konvergenz\/#primaryimage\",\"url\":\"https:\/\/lindy.com\/de\/wp-content\/uploads\/sites\/3\/2019\/01\/Reto-Scaramuzza.jpg\",\"contentUrl\":\"https:\/\/lindy.com\/de\/wp-content\/uploads\/sites\/3\/2019\/01\/Reto-Scaramuzza.jpg\",\"width\":380,\"height\":570},{\"@type\":\"BreadcrumbList\",\"@id\":\"https:\/\/lindy.com\/de\/2019\/06\/13\/av-und-it-konvergenz\/#breadcrumb\",\"itemListElement\":[{\"@type\":\"ListItem\",\"position\":1,\"name\":\"Home\",\"item\":\"https:\/\/lindy.com\/de\/\"},{\"@type\":\"ListItem\",\"position\":2,\"name\":\"AV- und IT-Konvergenz \u2013 eine komplexe Neuanordnung von IT und AV?\"}]},{\"@type\":\"WebSite\",\"@id\":\"https:\/\/lindy.com\/de\/#website\",\"url\":\"https:\/\/lindy.com\/de\/\",\"name\":\"Lindy - German\",\"description\":\"Connection Perfection\",\"potentialAction\":[{\"@type\":\"SearchAction\",\"target\":{\"@type\":\"EntryPoint\",\"urlTemplate\":\"https:\/\/lindy.com\/de\/?s={search_term_string}\"},\"query-input\":{\"@type\":\"PropertyValueSpecification\",\"valueRequired\":true,\"valueName\":\"search_term_string\"}}],\"inLanguage\":\"de-DE\"},{\"@type\":\"Person\",\"@id\":\"https:\/\/lindy.com\/de\/#\/schema\/person\/64bfad3d4d1425bf49e00e0b8d1829a5\",\"name\":\"inareiss\",\"url\":\"https:\/\/lindy.com\/de\/author\/inareiss\/\"}]}<\/script>\n<!-- \/ Yoast SEO plugin. -->","yoast_head_json":{"title":"AV- und IT-Konvergenz \u2013 eine komplexe Neuanordnung von IT und AV? - Lindy - German","robots":{"index":"index","follow":"follow","max-snippet":"max-snippet:-1","max-image-preview":"max-image-preview:large","max-video-preview":"max-video-preview:-1"},"canonical":"https:\/\/lindy.com\/de\/2019\/06\/13\/av-und-it-konvergenz\/","og_locale":"de_DE","og_type":"article","og_title":"AV- und IT-Konvergenz \u2013 eine komplexe Neuanordnung von IT und AV? - Lindy - German","og_description":"AV-und IT-Konvergenz: Das bedeutet nicht, AV und IT einfach zusammenzuf\u00fchren. Vielmehr geht es darum, Netzwerke und Komponenten so anzuordnen, dass sich f\u00fcr Unternehmen neue Perspektiven er\u00f6ffnen. Dies setzt freilich voraus, dass beide, IT- und AV-Branche, die Anforderungen des jeweils anderen besser verstehen. Nur dann k\u00f6nnen Konnektivit\u00e4t und alle daf\u00fcr n\u00f6tigen Komponenten geplant und nachhaltig betrieben [&hellip;]","og_url":"https:\/\/lindy.com\/de\/2019\/06\/13\/av-und-it-konvergenz\/","og_site_name":"Lindy - German","article_published_time":"2019-06-13T13:52:24+00:00","article_modified_time":"2019-06-13T15:08:11+00:00","og_image":[{"url":"https:\/\/lindy.com\/de\/wp-content\/uploads\/sites\/3\/2019\/01\/Reto-Scaramuzza.jpg","type":"","width":"","height":""}],"author":"inareiss","twitter_card":"summary_large_image","twitter_misc":{"Verfasst von":"inareiss","Gesch\u00e4tzte Lesezeit":"3 Minuten"},"schema":{"@context":"https:\/\/schema.org","@graph":[{"@type":"WebPage","@id":"https:\/\/lindy.com\/de\/2019\/06\/13\/av-und-it-konvergenz\/","url":"https:\/\/lindy.com\/de\/2019\/06\/13\/av-und-it-konvergenz\/","name":"AV- und IT-Konvergenz \u2013 eine komplexe Neuanordnung von IT und AV? - Lindy - German","isPartOf":{"@id":"https:\/\/lindy.com\/de\/#website"},"primaryImageOfPage":{"@id":"https:\/\/lindy.com\/de\/2019\/06\/13\/av-und-it-konvergenz\/#primaryimage"},"image":{"@id":"https:\/\/lindy.com\/de\/2019\/06\/13\/av-und-it-konvergenz\/#primaryimage"},"thumbnailUrl":"https:\/\/lindy.com\/de\/wp-content\/uploads\/sites\/3\/2019\/01\/Reto-Scaramuzza.jpg","datePublished":"2019-06-13T13:52:24+00:00","dateModified":"2019-06-13T15:08:11+00:00","author":{"@id":"https:\/\/lindy.com\/de\/#\/schema\/person\/64bfad3d4d1425bf49e00e0b8d1829a5"},"breadcrumb":{"@id":"https:\/\/lindy.com\/de\/2019\/06\/13\/av-und-it-konvergenz\/#breadcrumb"},"inLanguage":"de-DE","potentialAction":[{"@type":"ReadAction","target":["https:\/\/lindy.com\/de\/2019\/06\/13\/av-und-it-konvergenz\/"]}]},{"@type":"ImageObject","inLanguage":"de-DE","@id":"https:\/\/lindy.com\/de\/2019\/06\/13\/av-und-it-konvergenz\/#primaryimage","url":"https:\/\/lindy.com\/de\/wp-content\/uploads\/sites\/3\/2019\/01\/Reto-Scaramuzza.jpg","contentUrl":"https:\/\/lindy.com\/de\/wp-content\/uploads\/sites\/3\/2019\/01\/Reto-Scaramuzza.jpg","width":380,"height":570},{"@type":"BreadcrumbList","@id":"https:\/\/lindy.com\/de\/2019\/06\/13\/av-und-it-konvergenz\/#breadcrumb","itemListElement":[{"@type":"ListItem","position":1,"name":"Home","item":"https:\/\/lindy.com\/de\/"},{"@type":"ListItem","position":2,"name":"AV- und IT-Konvergenz \u2013 eine komplexe Neuanordnung von IT und AV?"}]},{"@type":"WebSite","@id":"https:\/\/lindy.com\/de\/#website","url":"https:\/\/lindy.com\/de\/","name":"Lindy - German","description":"Connection Perfection","potentialAction":[{"@type":"SearchAction","target":{"@type":"EntryPoint","urlTemplate":"https:\/\/lindy.com\/de\/?s={search_term_string}"},"query-input":{"@type":"PropertyValueSpecification","valueRequired":true,"valueName":"search_term_string"}}],"inLanguage":"de-DE"},{"@type":"Person","@id":"https:\/\/lindy.com\/de\/#\/schema\/person\/64bfad3d4d1425bf49e00e0b8d1829a5","name":"inareiss","url":"https:\/\/lindy.com\/de\/author\/inareiss\/"}]}},"_links":{"self":[{"href":"https:\/\/lindy.com\/de\/wp-json\/wp\/v2\/posts\/991","targetHints":{"allow":["GET"]}}],"collection":[{"href":"https:\/\/lindy.com\/de\/wp-json\/wp\/v2\/posts"}],"about":[{"href":"https:\/\/lindy.com\/de\/wp-json\/wp\/v2\/types\/post"}],"author":[{"embeddable":true,"href":"https:\/\/lindy.com\/de\/wp-json\/wp\/v2\/users\/11"}],"replies":[{"embeddable":true,"href":"https:\/\/lindy.com\/de\/wp-json\/wp\/v2\/comments?post=991"}],"version-history":[{"count":0,"href":"https:\/\/lindy.com\/de\/wp-json\/wp\/v2\/posts\/991\/revisions"}],"wp:attachment":[{"href":"https:\/\/lindy.com\/de\/wp-json\/wp\/v2\/media?parent=991"}],"wp:term":[{"taxonomy":"category","embeddable":true,"href":"https:\/\/lindy.com\/de\/wp-json\/wp\/v2\/categories?post=991"},{"taxonomy":"post_tag","embeddable":true,"href":"https:\/\/lindy.com\/de\/wp-json\/wp\/v2\/tags?post=991"}],"curies":[{"name":"wp","href":"https:\/\/api.w.org\/{rel}","templated":true}]}}