{"id":6826,"date":"2023-07-06T09:08:30","date_gmt":"2023-07-06T09:08:30","guid":{"rendered":"https:\/\/lindy.com\/es\/?p=6826"},"modified":"2023-07-14T11:33:49","modified_gmt":"2023-07-14T11:33:49","slug":"alianza-estrategica-entre-aver-y-lindy","status":"publish","type":"post","link":"https:\/\/lindy.com\/es\/alianza-estrategica-entre-aver-y-lindy\/","title":{"rendered":"Alianza estrat\u00e9gica entre AVer y Lindy"},"content":{"rendered":"\n<h3 class=\"wp-block-heading\">AVer Europe y Lindy colaboran en una alizanza estrat\u00e9gica para mejorar con soluciones conjuntas<\/h3>\n\n\n\n<p>AVer Europe, un proveedor l\u00edder de soluciones de videoconferencia y colaboraci\u00f3n, y Lindy Elektronik GmbH, un proveedor global de soluciones de conectividad, anunciaron que ponen en marcha una alianza para desarrollar una asociaci\u00f3n estrat\u00e9gica. La alianza tiene como objetivo combinar la experiencia de AVer Europe en videoconferencia y colaboraci\u00f3n con la experiencia de Lindy en soluciones de conectividad para ofrecer experiencias de colaboraci\u00f3n fluidas y de alta calidad. Las dos compa\u00f1\u00edas trabajar\u00e1n en estrecho contacto para identificar \u00e1reas de cooperaci\u00f3n que permitir\u00e1n a los clientes tener una soluci\u00f3n completa de conectividad de extremo a extremo que se integre perfectamente con sus flujos de trabajo existentes.<\/p>\n\n\n\n<p><\/p>\n\n\n\n<figure class=\"wp-block-image size-large\"><img decoding=\"async\" src=\"https:\/\/lindy.com\/en\/wp-content\/uploads\/sites\/2\/2023\/06\/Cooperation_Lindy_Aver_NewsPost-1024x448.png\" alt=\"\" class=\"wp-image-7534\"\/><figcaption class=\"wp-element-caption\">Carolina Chavarri, Aver Channel Sales Manager Spain, and Juan Carlos Cano, Business&nbsp;Development&nbsp;Manager Lindy Spain<\/figcaption><\/figure>\n\n\n\n<blockquote class=\"wp-block-quote is-layout-flow wp-block-quote-is-layout-flow\">\n<p>\u00abEstamos entusiasmados de explorar una posible asociaci\u00f3n con Lindy y aprovechar su experiencia en soluciones de conectividad para mejorar nuestras ofertas de videoconferencia y colaboraci\u00f3n. Creemos que al combinar nuestras fortalezas, podemos proporcionar a los clientes una experiencia de colaboraci\u00f3n completa que sea f\u00e1cil de usar, asequible y flexible. Estamos seguros de que nuestra colaboraci\u00f3n con Lindy nos permitir\u00e1 servir mejor a nuestros clientes y proporcionarles las herramientas que necesitan para colaborar de manera efectiva en el acelerado entorno empresarial actual\u00bb.<\/p>\n<cite>Rene Buhay, SVP Sales &amp; Marketing en AVer Europe<\/cite><\/blockquote>\n\n\n\n<p><\/p>\n\n\n\n<p>AVer Europe y Lindy explorar\u00e1n oportunidades para integrar sus cat\u00e1logos actuales para crear soluciones que aborden las necesidades espec\u00edficas de los clientes. Esto permitir\u00e1 a los clientes tener acceso a una gama m\u00e1s amplia de soluciones AV profesionales y confiables que se pueden adaptar e instalar f\u00e1cilmente.<\/p>\n\n\n\n<p><\/p>\n\n\n\n<blockquote class=\"wp-block-quote is-layout-flow wp-block-quote-is-layout-flow\">\n<p>\u00abLa cooperaci\u00f3n con AVer Europe representa un paso importante para Lindy para ampliar a\u00fan m\u00e1s nuestra gama de productos y proporcionar a nuestros clientes acceso a las soluciones AV m\u00e1s innovadoras. La combinaci\u00f3n de la \u00faltima tecnolog\u00eda e innovaci\u00f3n en UCC y \u00e1reas de colaboraci\u00f3n, por un lado, y el rendimiento requerido y la tecnolog\u00eda de transmisi\u00f3n confiable, por otro lado, constituye la base de soluciones de alta tecnolog\u00eda en el sector de aplicaciones profesionales. Esta asociaci\u00f3n subraya nuestro compromiso de ofrecer siempre a nuestros clientes la \u00faltima tecnolog\u00eda y consolidar a\u00fan m\u00e1s nuestra posici\u00f3n como proveedor l\u00edder en la industria\u00bb.<\/p>\n<cite> Elia Lupi \u2013 Head of Global Sales en Lindy<\/cite><\/blockquote>\n\n\n\n<p><\/p>\n\n\n\n<p>La colaboraci\u00f3n de AVer Europe y Lindy representa un paso significativo hacia una alianza. Esto permitir\u00e1 a los clientes tener acceso a una soluci\u00f3n de colaboraci\u00f3n completa que se integra perfectamente con sus sistemas existentes. Las compa\u00f1\u00edas esperan anunciar m\u00e1s detalles de sus planes de una asociaci\u00f3n estrat\u00e9gica pronto.<\/p>\n\n\n\n<h4 class=\"wp-block-heading\">Sobre AVer Europe<\/h4>\n\n\n\n<p>AVer Europe ofrece soluciones tecnol\u00f3gicas inteligentes para aprovechar el poder de las comunicaciones visuales para las empresas y la educaci\u00f3n. Con m\u00e1s de 20 a\u00f1os de excelencia en investigaci\u00f3n, desarrollo y fabricaci\u00f3n, AVer posee numerosos premios internacionales de dise\u00f1o, innovaci\u00f3n, aplicaci\u00f3n y servicio por su excepcional usabilidad, confiabilidad y satisfacci\u00f3n del cliente.<\/p>\n","protected":false},"excerpt":{"rendered":"<p>AVer Europe y Lindy colaboran en una alizanza estrat\u00e9gica para mejorar con soluciones conjuntas AVer Europe, un proveedor l\u00edder de soluciones de videoconferencia y colaboraci\u00f3n, y Lindy Elektronik GmbH, un proveedor global de soluciones de conectividad, anunciaron que ponen en marcha una alianza para desarrollar una asociaci\u00f3n estrat\u00e9gica. La alianza tiene como objetivo combinar la [&hellip;]<\/p>\n","protected":false},"author":11,"featured_media":6825,"comment_status":"open","ping_status":"open","sticky":false,"template":"","format":"standard","meta":{"_acf_changed":false,"footnotes":""},"categories":[33],"tags":[],"class_list":["post-6826","post","type-post","status-publish","format-standard","has-post-thumbnail","hentry","category-news"],"acf":[],"yoast_head":"<!-- This site is optimized with the Yoast SEO plugin v26.6 - https:\/\/yoast.com\/wordpress\/plugins\/seo\/ -->\n<title>Alianza estrat\u00e9gica entre AVer y Lindy - Lindy - Spanish<\/title>\n<meta name=\"robots\" content=\"index, follow, max-snippet:-1, max-image-preview:large, max-video-preview:-1\" \/>\n<link rel=\"canonical\" href=\"https:\/\/lindy.com\/es\/alianza-estrategica-entre-aver-y-lindy\/\" \/>\n<meta property=\"og:locale\" content=\"es_ES\" \/>\n<meta property=\"og:type\" content=\"article\" \/>\n<meta property=\"og:title\" content=\"Alianza estrat\u00e9gica entre AVer y Lindy - Lindy - Spanish\" \/>\n<meta property=\"og:description\" content=\"AVer Europe y Lindy colaboran en una alizanza estrat\u00e9gica para mejorar con soluciones conjuntas AVer Europe, un proveedor l\u00edder de soluciones de videoconferencia y colaboraci\u00f3n, y Lindy Elektronik GmbH, un proveedor global de soluciones de conectividad, anunciaron que ponen en marcha una alianza para desarrollar una asociaci\u00f3n estrat\u00e9gica. La alianza tiene como objetivo combinar la [&hellip;]\" \/>\n<meta property=\"og:url\" content=\"https:\/\/lindy.com\/es\/alianza-estrategica-entre-aver-y-lindy\/\" \/>\n<meta property=\"og:site_name\" content=\"Lindy - Spanish\" \/>\n<meta property=\"article:published_time\" content=\"2023-07-06T09:08:30+00:00\" \/>\n<meta property=\"article:modified_time\" content=\"2023-07-14T11:33:49+00:00\" \/>\n<meta property=\"og:image\" content=\"https:\/\/lindy.com\/es\/wp-content\/uploads\/sites\/7\/2023\/06\/Cooperation_Lindy_Aver_NewsPost-1024x448.png\" \/>\n\t<meta property=\"og:image:width\" content=\"1024\" \/>\n\t<meta property=\"og:image:height\" content=\"448\" \/>\n\t<meta property=\"og:image:type\" content=\"image\/png\" \/>\n<meta name=\"author\" content=\"inareiss\" \/>\n<meta name=\"twitter:card\" content=\"summary_large_image\" \/>\n<meta name=\"twitter:label1\" content=\"Escrito por\" \/>\n\t<meta name=\"twitter:data1\" content=\"inareiss\" \/>\n\t<meta name=\"twitter:label2\" content=\"Tiempo de lectura\" \/>\n\t<meta name=\"twitter:data2\" content=\"3 minutos\" \/>\n<script type=\"application\/ld+json\" class=\"yoast-schema-graph\">{\"@context\":\"https:\/\/schema.org\",\"@graph\":[{\"@type\":\"WebPage\",\"@id\":\"https:\/\/lindy.com\/es\/alianza-estrategica-entre-aver-y-lindy\/\",\"url\":\"https:\/\/lindy.com\/es\/alianza-estrategica-entre-aver-y-lindy\/\",\"name\":\"Alianza estrat\u00e9gica entre AVer y Lindy - Lindy - Spanish\",\"isPartOf\":{\"@id\":\"https:\/\/lindy.com\/es\/#website\"},\"primaryImageOfPage\":{\"@id\":\"https:\/\/lindy.com\/es\/alianza-estrategica-entre-aver-y-lindy\/#primaryimage\"},\"image\":{\"@id\":\"https:\/\/lindy.com\/es\/alianza-estrategica-entre-aver-y-lindy\/#primaryimage\"},\"thumbnailUrl\":\"https:\/\/lindy.com\/es\/wp-content\/uploads\/sites\/7\/2023\/06\/Cooperation_Lindy_Aver_NewsPost.png\",\"datePublished\":\"2023-07-06T09:08:30+00:00\",\"dateModified\":\"2023-07-14T11:33:49+00:00\",\"author\":{\"@id\":\"https:\/\/lindy.com\/es\/#\/schema\/person\/64bfad3d4d1425bf49e00e0b8d1829a5\"},\"breadcrumb\":{\"@id\":\"https:\/\/lindy.com\/es\/alianza-estrategica-entre-aver-y-lindy\/#breadcrumb\"},\"inLanguage\":\"es\",\"potentialAction\":[{\"@type\":\"ReadAction\",\"target\":[\"https:\/\/lindy.com\/es\/alianza-estrategica-entre-aver-y-lindy\/\"]}]},{\"@type\":\"ImageObject\",\"inLanguage\":\"es\",\"@id\":\"https:\/\/lindy.com\/es\/alianza-estrategica-entre-aver-y-lindy\/#primaryimage\",\"url\":\"https:\/\/lindy.com\/es\/wp-content\/uploads\/sites\/7\/2023\/06\/Cooperation_Lindy_Aver_NewsPost.png\",\"contentUrl\":\"https:\/\/lindy.com\/es\/wp-content\/uploads\/sites\/7\/2023\/06\/Cooperation_Lindy_Aver_NewsPost.png\",\"width\":2000,\"height\":875},{\"@type\":\"BreadcrumbList\",\"@id\":\"https:\/\/lindy.com\/es\/alianza-estrategica-entre-aver-y-lindy\/#breadcrumb\",\"itemListElement\":[{\"@type\":\"ListItem\",\"position\":1,\"name\":\"Home\",\"item\":\"https:\/\/lindy.com\/es\/\"},{\"@type\":\"ListItem\",\"position\":2,\"name\":\"Alianza estrat\u00e9gica entre AVer y Lindy\"}]},{\"@type\":\"WebSite\",\"@id\":\"https:\/\/lindy.com\/es\/#website\",\"url\":\"https:\/\/lindy.com\/es\/\",\"name\":\"Lindy - Spanish\",\"description\":\"Connection Perfection\",\"potentialAction\":[{\"@type\":\"SearchAction\",\"target\":{\"@type\":\"EntryPoint\",\"urlTemplate\":\"https:\/\/lindy.com\/es\/?s={search_term_string}\"},\"query-input\":{\"@type\":\"PropertyValueSpecification\",\"valueRequired\":true,\"valueName\":\"search_term_string\"}}],\"inLanguage\":\"es\"},{\"@type\":\"Person\",\"@id\":\"https:\/\/lindy.com\/es\/#\/schema\/person\/64bfad3d4d1425bf49e00e0b8d1829a5\",\"name\":\"inareiss\",\"image\":{\"@type\":\"ImageObject\",\"inLanguage\":\"es\",\"@id\":\"https:\/\/lindy.com\/es\/#\/schema\/person\/image\/\",\"url\":\"https:\/\/secure.gravatar.com\/avatar\/e92549de252d4c08ec73e9980db463858c0e6556638f5ce0db149fd3328df06f?s=96&d=mm&r=g\",\"contentUrl\":\"https:\/\/secure.gravatar.com\/avatar\/e92549de252d4c08ec73e9980db463858c0e6556638f5ce0db149fd3328df06f?s=96&d=mm&r=g\",\"caption\":\"inareiss\"},\"url\":\"https:\/\/lindy.com\/es\/author\/inareiss\/\"}]}<\/script>\n<!-- \/ Yoast SEO plugin. -->","yoast_head_json":{"title":"Alianza estrat\u00e9gica entre AVer y Lindy - Lindy - Spanish","robots":{"index":"index","follow":"follow","max-snippet":"max-snippet:-1","max-image-preview":"max-image-preview:large","max-video-preview":"max-video-preview:-1"},"canonical":"https:\/\/lindy.com\/es\/alianza-estrategica-entre-aver-y-lindy\/","og_locale":"es_ES","og_type":"article","og_title":"Alianza estrat\u00e9gica entre AVer y Lindy - Lindy - Spanish","og_description":"AVer Europe y Lindy colaboran en una alizanza estrat\u00e9gica para mejorar con soluciones conjuntas AVer Europe, un proveedor l\u00edder de soluciones de videoconferencia y colaboraci\u00f3n, y Lindy Elektronik GmbH, un proveedor global de soluciones de conectividad, anunciaron que ponen en marcha una alianza para desarrollar una asociaci\u00f3n estrat\u00e9gica. La alianza tiene como objetivo combinar la [&hellip;]","og_url":"https:\/\/lindy.com\/es\/alianza-estrategica-entre-aver-y-lindy\/","og_site_name":"Lindy - Spanish","article_published_time":"2023-07-06T09:08:30+00:00","article_modified_time":"2023-07-14T11:33:49+00:00","og_image":[{"width":1024,"height":448,"url":"https:\/\/lindy.com\/es\/wp-content\/uploads\/sites\/7\/2023\/06\/Cooperation_Lindy_Aver_NewsPost-1024x448.png","type":"image\/png"}],"author":"inareiss","twitter_card":"summary_large_image","twitter_misc":{"Escrito por":"inareiss","Tiempo de lectura":"3 minutos"},"schema":{"@context":"https:\/\/schema.org","@graph":[{"@type":"WebPage","@id":"https:\/\/lindy.com\/es\/alianza-estrategica-entre-aver-y-lindy\/","url":"https:\/\/lindy.com\/es\/alianza-estrategica-entre-aver-y-lindy\/","name":"Alianza estrat\u00e9gica entre AVer y Lindy - Lindy - Spanish","isPartOf":{"@id":"https:\/\/lindy.com\/es\/#website"},"primaryImageOfPage":{"@id":"https:\/\/lindy.com\/es\/alianza-estrategica-entre-aver-y-lindy\/#primaryimage"},"image":{"@id":"https:\/\/lindy.com\/es\/alianza-estrategica-entre-aver-y-lindy\/#primaryimage"},"thumbnailUrl":"https:\/\/lindy.com\/es\/wp-content\/uploads\/sites\/7\/2023\/06\/Cooperation_Lindy_Aver_NewsPost.png","datePublished":"2023-07-06T09:08:30+00:00","dateModified":"2023-07-14T11:33:49+00:00","author":{"@id":"https:\/\/lindy.com\/es\/#\/schema\/person\/64bfad3d4d1425bf49e00e0b8d1829a5"},"breadcrumb":{"@id":"https:\/\/lindy.com\/es\/alianza-estrategica-entre-aver-y-lindy\/#breadcrumb"},"inLanguage":"es","potentialAction":[{"@type":"ReadAction","target":["https:\/\/lindy.com\/es\/alianza-estrategica-entre-aver-y-lindy\/"]}]},{"@type":"ImageObject","inLanguage":"es","@id":"https:\/\/lindy.com\/es\/alianza-estrategica-entre-aver-y-lindy\/#primaryimage","url":"https:\/\/lindy.com\/es\/wp-content\/uploads\/sites\/7\/2023\/06\/Cooperation_Lindy_Aver_NewsPost.png","contentUrl":"https:\/\/lindy.com\/es\/wp-content\/uploads\/sites\/7\/2023\/06\/Cooperation_Lindy_Aver_NewsPost.png","width":2000,"height":875},{"@type":"BreadcrumbList","@id":"https:\/\/lindy.com\/es\/alianza-estrategica-entre-aver-y-lindy\/#breadcrumb","itemListElement":[{"@type":"ListItem","position":1,"name":"Home","item":"https:\/\/lindy.com\/es\/"},{"@type":"ListItem","position":2,"name":"Alianza estrat\u00e9gica entre AVer y Lindy"}]},{"@type":"WebSite","@id":"https:\/\/lindy.com\/es\/#website","url":"https:\/\/lindy.com\/es\/","name":"Lindy - Spanish","description":"Connection Perfection","potentialAction":[{"@type":"SearchAction","target":{"@type":"EntryPoint","urlTemplate":"https:\/\/lindy.com\/es\/?s={search_term_string}"},"query-input":{"@type":"PropertyValueSpecification","valueRequired":true,"valueName":"search_term_string"}}],"inLanguage":"es"},{"@type":"Person","@id":"https:\/\/lindy.com\/es\/#\/schema\/person\/64bfad3d4d1425bf49e00e0b8d1829a5","name":"inareiss","image":{"@type":"ImageObject","inLanguage":"es","@id":"https:\/\/lindy.com\/es\/#\/schema\/person\/image\/","url":"https:\/\/secure.gravatar.com\/avatar\/e92549de252d4c08ec73e9980db463858c0e6556638f5ce0db149fd3328df06f?s=96&d=mm&r=g","contentUrl":"https:\/\/secure.gravatar.com\/avatar\/e92549de252d4c08ec73e9980db463858c0e6556638f5ce0db149fd3328df06f?s=96&d=mm&r=g","caption":"inareiss"},"url":"https:\/\/lindy.com\/es\/author\/inareiss\/"}]}},"_links":{"self":[{"href":"https:\/\/lindy.com\/es\/wp-json\/wp\/v2\/posts\/6826","targetHints":{"allow":["GET"]}}],"collection":[{"href":"https:\/\/lindy.com\/es\/wp-json\/wp\/v2\/posts"}],"about":[{"href":"https:\/\/lindy.com\/es\/wp-json\/wp\/v2\/types\/post"}],"author":[{"embeddable":true,"href":"https:\/\/lindy.com\/es\/wp-json\/wp\/v2\/users\/11"}],"replies":[{"embeddable":true,"href":"https:\/\/lindy.com\/es\/wp-json\/wp\/v2\/comments?post=6826"}],"version-history":[{"count":0,"href":"https:\/\/lindy.com\/es\/wp-json\/wp\/v2\/posts\/6826\/revisions"}],"wp:featuredmedia":[{"embeddable":true,"href":"https:\/\/lindy.com\/es\/wp-json\/wp\/v2\/media\/6825"}],"wp:attachment":[{"href":"https:\/\/lindy.com\/es\/wp-json\/wp\/v2\/media?parent=6826"}],"wp:term":[{"taxonomy":"category","embeddable":true,"href":"https:\/\/lindy.com\/es\/wp-json\/wp\/v2\/categories?post=6826"},{"taxonomy":"post_tag","embeddable":true,"href":"https:\/\/lindy.com\/es\/wp-json\/wp\/v2\/tags?post=6826"}],"curies":[{"name":"wp","href":"https:\/\/api.w.org\/{rel}","templated":true}]}}